{"id":84,"date":"2024-09-03T16:45:33","date_gmt":"2024-09-03T14:45:33","guid":{"rendered":"https:\/\/www.slovenka.si\/index.php\/2024\/09\/03\/zapestnice-in-obeski\/"},"modified":"2024-09-03T16:45:33","modified_gmt":"2024-09-03T14:45:33","slug":"zapestnice-in-obeski","status":"publish","type":"post","link":"https:\/\/www.slovenka.si\/index.php\/2024\/09\/03\/zapestnice-in-obeski\/","title":{"rendered":"Zapestnice in obeski"},"content":{"rendered":"<p align=\"justify\">Ko \u017eelimo dolo\u010deni osebi podariti nekaj lepega, potem so lahko obeski prekrasno darilo. Tudi sama \u017ee imam kar nekaj obeskov na zapestnici in tako sem tudi dobila idejo za darilo moji prijateljici. Vedela sem, da nima \u0161e nobene zapestnice in tako sem sklenila, da ji bom kupila zapestnico in obesek. Kateri obesek pa \u0161e nisem vedela.\u00a0<\/p>\n<p align=\"justify\">To je bila moja dobra prijateljica, ki sva se spoznali pred dvemi leti, \u010disto po naklju\u010dju. Takoj sva videli, da se bova ujeli. Tako sva bili \u017ee na dveh potovanjih skupaj. Lahko re\u010dem, da je to moja najbolj\u0161a prijateljica. Tako sem v trgovini z obeski tudi takoj dobila idejo, da ji bom kupila obesek potovanj. To naju zdru\u017euje in vem, da bo tak\u0161nega obeska vesela. Lahko bi rekla, da so lahko obeski res lepo darilo, \u010de se na nekaj navezujejo.\u00a0<\/p>\n<p align=\"justify\">Komaj sem \u010dakala, da ji bom lahko dala darilo. Zanimalo me je, \u010de bo sama vedela, kak\u0161en obesek je dobila in znala povezati stvari med seboj. \u017de zjutraj na njen rojstni dan, sem jo povabila na kavico. Tega ni pri\u010dakovala in ji je bilo nerodno, da ni povabila ona prva. Jaz pa sem komaj \u010dakala, da ji podarim zapestnico in obesek. Ko je videla obesek, je to\u010dno vedela, na kaj sem ciljala. Bila je presre\u010dna in me objela. Resni\u010dno sva dobri prijateljici in upam, da bo tako ostalo \u0161e vrsto let. Sama to cenim, da si vedno vzame \u010das zame in da skupaj potujeva. To je nekaj kar naju povezuje.\u00a0<\/p>\n<p align=\"justify\">Obeski so lahko res lepo darilo, le vedeti morate, kateri je primeren za dolo\u010deno osebo. Jaz sem tokrat vedela. Mislim pa, da bom naslednje leto spet poskrbela, da bo dobila novi obesek. Tako se bodo obeski na zapestnici ve\u010dali in z njimi najini spomini. Vesela sem, da pred mano ni dobila nobenega obeska in da je moj prvi.\u00a0<\/p>\n<p align=\"justify\"><img loading=\"lazy\" decoding=\"async\" width=\"1600\" height=\"1066\" class=\"size-full wp-image-83 aligncenter\" src=\"https:\/\/www.slovenka.si\/wp-content\/uploads\/2024\/09\/zapestnice-in-obeski.jpg\" alt=\"Zapestnice in obeski\" srcset=\"https:\/\/www.slovenka.si\/wp-content\/uploads\/2024\/09\/zapestnice-in-obeski.jpg 1600w, https:\/\/www.slovenka.si\/wp-content\/uploads\/2024\/09\/zapestnice-in-obeski-300x200.jpg 300w, https:\/\/www.slovenka.si\/wp-content\/uploads\/2024\/09\/zapestnice-in-obeski-1024x682.jpg 1024w, https:\/\/www.slovenka.si\/wp-content\/uploads\/2024\/09\/zapestnice-in-obeski-768x512.jpg 768w, https:\/\/www.slovenka.si\/wp-content\/uploads\/2024\/09\/zapestnice-in-obeski-1536x1023.jpg 1536w, https:\/\/www.slovenka.si\/wp-content\/uploads\/2024\/09\/zapestnice-in-obeski-330x220.jpg 330w, https:\/\/www.slovenka.si\/wp-content\/uploads\/2024\/09\/zapestnice-in-obeski-510x340.jpg 510w\" sizes=\"auto, (max-width: 1600px) 100vw, 1600px\" \/><\/p>\n","protected":false},"excerpt":{"rendered":"<p>Ko \u017eelimo dolo\u010deni osebi podariti nekaj lepega, potem so lahko obeski prekrasno darilo. Tudi sama \u017ee imam kar nekaj obeskov na zapestnici in tako sem tudi dobila idejo za darilo moji prijateljici. Vedela sem, da nima \u0161e nobene zapestnice in tako sem sklenila, da ji bom kupila zapestnico in obesek. Kateri obesek pa \u0161e nisem [&hellip;]<\/p>\n","protected":false},"author":1,"featured_media":0,"comment_status":"closed","ping_status":"open","sticky":false,"template":"","format":"standard","meta":{"footnotes":""},"categories":[166],"tags":[167,168,169,170,171],"class_list":["post-84","post","type-post","status-publish","format-standard","hentry","category-zapestnice","tag-darila-za-prijatelje","tag-nakit-kot-darilo","tag-obeski","tag-prijateljstvo","tag-zapestnica"],"aioseo_notices":[],"_links":{"self":[{"href":"https:\/\/www.slovenka.si\/index.php\/wp-json\/wp\/v2\/posts\/84","targetHints":{"allow":["GET"]}}],"collection":[{"href":"https:\/\/www.slovenka.si\/index.php\/wp-json\/wp\/v2\/posts"}],"about":[{"href":"https:\/\/www.slovenka.si\/index.php\/wp-json\/wp\/v2\/types\/post"}],"author":[{"embeddable":true,"href":"https:\/\/www.slovenka.si\/index.php\/wp-json\/wp\/v2\/users\/1"}],"replies":[{"embeddable":true,"href":"https:\/\/www.slovenka.si\/index.php\/wp-json\/wp\/v2\/comments?post=84"}],"version-history":[{"count":0,"href":"https:\/\/www.slovenka.si\/index.php\/wp-json\/wp\/v2\/posts\/84\/revisions"}],"wp:attachment":[{"href":"https:\/\/www.slovenka.si\/index.php\/wp-json\/wp\/v2\/media?parent=84"}],"wp:term":[{"taxonomy":"category","embeddable":true,"href":"https:\/\/www.slovenka.si\/index.php\/wp-json\/wp\/v2\/categories?post=84"},{"taxonomy":"post_tag","embeddable":true,"href":"https:\/\/www.slovenka.si\/index.php\/wp-json\/wp\/v2\/tags?post=84"}],"curies":[{"name":"wp","href":"https:\/\/api.w.org\/{rel}","templated":true}]}}