{"id":111,"date":"2025-03-27T02:46:07","date_gmt":"2025-03-27T01:46:07","guid":{"rendered":"https:\/\/www.slovenka.si\/index.php\/2025\/03\/27\/kolonoskopija-samoplacnisko-me-je-resila-cakanja\/"},"modified":"2025-03-27T02:46:07","modified_gmt":"2025-03-27T01:46:07","slug":"kolonoskopija-samoplacnisko-me-je-resila-cakanja","status":"publish","type":"post","link":"https:\/\/www.slovenka.si\/index.php\/2025\/03\/27\/kolonoskopija-samoplacnisko-me-je-resila-cakanja\/","title":{"rendered":"Kolonoskopija samopla\u010dni\u0161ko me je re\u0161ila \u010dakanja"},"content":{"rendered":"<p align=\"justify\">Kar nekaj \u010dasa sem se na dnevni ravni sre\u010deval z bole\u010dinami na obmo\u010dju trebuha in \u010drevesja. Od za\u010detka pa si o temu nisem mislil kaj preve\u010d. Tak\u0161na bole\u010dine sem namre\u010d povezoval z kak\u0161nimi prebavnimi te\u017eavami, torej da sem pojedel kaj \u010dudnega, ali pa naredil kak\u0161en \u010duden gib, zaradi \u010desar bi me ta predel telesa bolel. Po kak\u0161nih dveh dneh, pa so bole\u010dine minile, ter sem bil \u017ee zelo vesel, da res ni bilo ni\u010d narobe. Ko pa sem se tisti ve\u010der odpravil spat, pa sem se zbudil sredi no\u010di v bole\u010dinah.<\/p>\n<p align=\"justify\">Tedaj sem vedel, da nekaj ni v redu, ter sem \u017ee predolgo \u010dakal. Kljub omiljenim bole\u010dinam naslednji dan, pa sem se odlo\u010dil, da potrebujem kolonoskopijo. Ko pa sem pridobil napotnico, pa me je preplavil \u0161ok. \u010cakalna vrsta za to je bila 3 do 4 mesece, kar pa se mi je zdel vi\u0161ek.<\/p>\n<p align=\"justify\">Zato pa sem vedel, da bo edina opcija <a href=\"https:\/\/www.mc-merus.si\/kolonoskopija\/\">kolonoskopija samopla\u010dni\u0161ko<\/a>, \u010de \u017eelim svoje te\u017eave odpraviti kar se da hitro. Poklical sem zasebno kliniko, kjer pa sem se dogovoril za tovrsten postopek. Tamkaj\u0161nja recepcija pa me je zelo prijazno sprejela, ter mi omogo\u010dila, da sem dobil kolonoskopija samopla\u010dni\u0161ko termin.\u00a0<\/p>\n<p align=\"justify\">Ko pa je bilo vse dogovorjeno, ter me je ta poseg \u010dakal \u017ee \u010dez par dni, pa sem za\u010del postajati malo \u017eiv\u010den. Takoj so mi po glavi za\u010dele hoditi misli, da bo to bole\u010de in sila neprijetno. Ko pa je pri\u0161el ta dan, ter sem se pripravil v ordinaciji, pa me je lahko tamkaj\u0161njo osebje pomirilo. Rekli so mi, da bo postopek narejen z sedacijo, zaradi \u010desar pa ne bom ni\u010desar \u010dutil, \u010demur pa je tudi bilo tako.<\/p>\n<p align=\"justify\"><img loading=\"lazy\" decoding=\"async\" width=\"1124\" height=\"1600\" class=\"size-full wp-image-110 aligncenter\" src=\"https:\/\/www.slovenka.si\/wp-content\/uploads\/2025\/03\/kolonoskopija-samoplacnisko-me-je-resila-cakanja-.jpg\" alt=\"Kolonoskopija samopla\u010dni\u0161ko me je re\u0161ila \u010dakanja\" srcset=\"https:\/\/www.slovenka.si\/wp-content\/uploads\/2025\/03\/kolonoskopija-samoplacnisko-me-je-resila-cakanja-.jpg 1124w, https:\/\/www.slovenka.si\/wp-content\/uploads\/2025\/03\/kolonoskopija-samoplacnisko-me-je-resila-cakanja--211x300.jpg 211w, https:\/\/www.slovenka.si\/wp-content\/uploads\/2025\/03\/kolonoskopija-samoplacnisko-me-je-resila-cakanja--719x1024.jpg 719w, https:\/\/www.slovenka.si\/wp-content\/uploads\/2025\/03\/kolonoskopija-samoplacnisko-me-je-resila-cakanja--768x1093.jpg 768w, https:\/\/www.slovenka.si\/wp-content\/uploads\/2025\/03\/kolonoskopija-samoplacnisko-me-je-resila-cakanja--1079x1536.jpg 1079w, https:\/\/www.slovenka.si\/wp-content\/uploads\/2025\/03\/kolonoskopija-samoplacnisko-me-je-resila-cakanja--155x220.jpg 155w, https:\/\/www.slovenka.si\/wp-content\/uploads\/2025\/03\/kolonoskopija-samoplacnisko-me-je-resila-cakanja--239x340.jpg 239w\" sizes=\"auto, (max-width: 1124px) 100vw, 1124px\" \/><\/p>\n<p align=\"justify\">Tedaj pa sem dobil vse odgovore, ki sem jih \u017eelel dobiti. Temu primerno pa se je nato tudi za\u010delo zdravljenje. Zato pa sem zelo vesel, da mi je kolonoskopija samopla\u010dni\u0161ko dala tako hitre odgovore in mi re\u0161ila te te\u017eave.\u00a0<\/p>\n","protected":false},"excerpt":{"rendered":"<p>Kar nekaj \u010dasa sem se na dnevni ravni sre\u010deval z bole\u010dinami na obmo\u010dju trebuha in \u010drevesja. Od za\u010detka pa si o temu nisem mislil kaj preve\u010d. Tak\u0161na bole\u010dine sem namre\u010d povezoval z kak\u0161nimi prebavnimi te\u017eavami, torej da sem pojedel kaj \u010dudnega, ali pa naredil kak\u0161en \u010duden gib, zaradi \u010desar bi me ta predel telesa bolel. [&hellip;]<\/p>\n","protected":false},"author":1,"featured_media":0,"comment_status":"closed","ping_status":"open","sticky":false,"template":"","format":"standard","meta":{"footnotes":""},"categories":[218],"tags":[219,220,221,222,223],"class_list":["post-111","post","type-post","status-publish","format-standard","hentry","category-kolonoskopija-samoplacnisko","tag-bolecine-trebuh","tag-kolonoskopija","tag-kolonoskopija-izkusnja","tag-kolonoskopija-samoplacnisko","tag-zdravstveni-pregledi"],"aioseo_notices":[],"_links":{"self":[{"href":"https:\/\/www.slovenka.si\/index.php\/wp-json\/wp\/v2\/posts\/111","targetHints":{"allow":["GET"]}}],"collection":[{"href":"https:\/\/www.slovenka.si\/index.php\/wp-json\/wp\/v2\/posts"}],"about":[{"href":"https:\/\/www.slovenka.si\/index.php\/wp-json\/wp\/v2\/types\/post"}],"author":[{"embeddable":true,"href":"https:\/\/www.slovenka.si\/index.php\/wp-json\/wp\/v2\/users\/1"}],"replies":[{"embeddable":true,"href":"https:\/\/www.slovenka.si\/index.php\/wp-json\/wp\/v2\/comments?post=111"}],"version-history":[{"count":0,"href":"https:\/\/www.slovenka.si\/index.php\/wp-json\/wp\/v2\/posts\/111\/revisions"}],"wp:attachment":[{"href":"https:\/\/www.slovenka.si\/index.php\/wp-json\/wp\/v2\/media?parent=111"}],"wp:term":[{"taxonomy":"category","embeddable":true,"href":"https:\/\/www.slovenka.si\/index.php\/wp-json\/wp\/v2\/categories?post=111"},{"taxonomy":"post_tag","embeddable":true,"href":"https:\/\/www.slovenka.si\/index.php\/wp-json\/wp\/v2\/tags?post=111"}],"curies":[{"name":"wp","href":"https:\/\/api.w.org\/{rel}","templated":true}]}}