{"id":105,"date":"2025-01-28T07:50:50","date_gmt":"2025-01-28T06:50:50","guid":{"rendered":"https:\/\/www.slovenka.si\/index.php\/2025\/01\/28\/nova-sencila-so-imela-kar-nekaj-novih-prednosti\/"},"modified":"2025-01-28T07:50:50","modified_gmt":"2025-01-28T06:50:50","slug":"nova-sencila-so-imela-kar-nekaj-novih-prednosti","status":"publish","type":"post","link":"https:\/\/www.slovenka.si\/index.php\/2025\/01\/28\/nova-sencila-so-imela-kar-nekaj-novih-prednosti\/","title":{"rendered":"Nova sen\u010dila so imela kar nekaj novih prednosti"},"content":{"rendered":"<p align=\"justify\">Za svoj dom, oziroma za moja okna, ki sem jih imel, sem \u017eelel izvedeti nakup, da bi jih malo izbolj\u0161al. Nakup, ki pa sem ga imel v mislih, pa so bila sen\u010dila. Nova pa sem \u017eelel kupiti zaradi tega, ker so se mi stara, oziroma ta, ki sem jih imel prej na oknih, zdela \u017ee zelo starinska in pa niso ve\u010d dosegala to, kar sem \u017eelel.\u00a0<\/p>\n<p align=\"justify\">Zato pa je bilo med poletji v moji hi\u0161i tudi zelo vro\u010de, saj mi sen\u010dila niso ve\u010d ustavljala oziroma <a href=\"https:\/\/www.asteriks.net\">sen\u010dila<\/a> son\u010dnih \u017earkov, kateri so nato mo\u010dno segreli moje prostore. Zato pa sem se obrnil na \u0161tevilne trgovine, pri katerih sem rad kupoval pohi\u0161tvo in pa re\u010di za mojo hi\u0161o. Tam pa sem si nato za\u010del ogledovati razli\u010dna sen\u010dila, ki bi jih lahko kupil. Dolgo pa sem rabil, da sem se odlo\u010dil, za kak\u0161na bi se sploh odlo\u010dil. Danes je namre\u010d na voljo res ogromno razli\u010dnih opcij, ki se razlikujejo po materialu, obliki, namenu in pa tudi seveda ceni. Ker pa sem si res \u017eelel najti kak\u0161no vrsto sen\u010dil, s katerimi bi lahko dosegel to kar si \u017eelim, pa me cena ni tako obremenjevala.\u00a0<\/p>\n<p align=\"justify\"><img loading=\"lazy\" decoding=\"async\" width=\"1600\" height=\"1600\" class=\"size-full wp-image-104 aligncenter\" src=\"https:\/\/www.slovenka.si\/wp-content\/uploads\/2025\/01\/nova-sencila-so-imela-kar-nekaj-novih-prednosti-.jpg\" alt=\"Nova sen\u010dila so imela kar nekaj novih prednosti\" srcset=\"https:\/\/www.slovenka.si\/wp-content\/uploads\/2025\/01\/nova-sencila-so-imela-kar-nekaj-novih-prednosti-.jpg 1600w, https:\/\/www.slovenka.si\/wp-content\/uploads\/2025\/01\/nova-sencila-so-imela-kar-nekaj-novih-prednosti--300x300.jpg 300w, https:\/\/www.slovenka.si\/wp-content\/uploads\/2025\/01\/nova-sencila-so-imela-kar-nekaj-novih-prednosti--1024x1024.jpg 1024w, https:\/\/www.slovenka.si\/wp-content\/uploads\/2025\/01\/nova-sencila-so-imela-kar-nekaj-novih-prednosti--150x150.jpg 150w, https:\/\/www.slovenka.si\/wp-content\/uploads\/2025\/01\/nova-sencila-so-imela-kar-nekaj-novih-prednosti--768x768.jpg 768w, https:\/\/www.slovenka.si\/wp-content\/uploads\/2025\/01\/nova-sencila-so-imela-kar-nekaj-novih-prednosti--1536x1536.jpg 1536w, https:\/\/www.slovenka.si\/wp-content\/uploads\/2025\/01\/nova-sencila-so-imela-kar-nekaj-novih-prednosti--80x80.jpg 80w, https:\/\/www.slovenka.si\/wp-content\/uploads\/2025\/01\/nova-sencila-so-imela-kar-nekaj-novih-prednosti--220x220.jpg 220w, https:\/\/www.slovenka.si\/wp-content\/uploads\/2025\/01\/nova-sencila-so-imela-kar-nekaj-novih-prednosti--340x340.jpg 340w\" sizes=\"auto, (max-width: 1600px) 100vw, 1600px\" \/><\/p>\n<p align=\"justify\">Po kar nekaj iskanja, pa sem jih tudi kon\u010dno na\u0161el. Ta pa so mi bila v\u0161e\u010d, zaradi tega ker so imela zelo modern izgled, kar pa se mi je zdelo, da bi se le lahko lepo prilegalo k izgledu moje hi\u0161e. \u010ceprav pa so bila malo dra\u017eja, pa so mi bila \u0161e vseeno zelo v\u0161e\u010d, saj so ta sen\u010dila imela vgrajen tudi sistem, ki mi je omogo\u010dal ve\u010d razli\u010dnih sen\u010dil, upravljati kar z daljincem. To pa bi bila zelo lepa popestritev mojih doma\u010dih prostorov, ter se mi je zdelo, da bi lahko bila to odli\u010dna nadgradnja mojega sistema za sen\u010denje.<\/p>\n<p align=\"justify\">Zato pa sem ta nakup opravil, ter sem bil z kon\u010dnih izgledom in funkcionalnostjo, zelo zadovoljen.\u00a0<\/p>\n","protected":false},"excerpt":{"rendered":"<p>Za svoj dom, oziroma za moja okna, ki sem jih imel, sem \u017eelel izvedeti nakup, da bi jih malo izbolj\u0161al. Nakup, ki pa sem ga imel v mislih, pa so bila sen\u010dila. Nova pa sem \u017eelel kupiti zaradi tega, ker so se mi stara, oziroma ta, ki sem jih imel prej na oknih, zdela \u017ee [&hellip;]<\/p>\n","protected":false},"author":1,"featured_media":0,"comment_status":"closed","ping_status":"open","sticky":false,"template":"","format":"standard","meta":{"footnotes":""},"categories":[201],"tags":[202,203,204,205,206],"class_list":["post-105","post","type-post","status-publish","format-standard","hentry","category-sencila","tag-izbira-sencil","tag-moderna-sencila","tag-nakup-sencil","tag-sencenje-oken","tag-sencila"],"aioseo_notices":[],"_links":{"self":[{"href":"https:\/\/www.slovenka.si\/index.php\/wp-json\/wp\/v2\/posts\/105","targetHints":{"allow":["GET"]}}],"collection":[{"href":"https:\/\/www.slovenka.si\/index.php\/wp-json\/wp\/v2\/posts"}],"about":[{"href":"https:\/\/www.slovenka.si\/index.php\/wp-json\/wp\/v2\/types\/post"}],"author":[{"embeddable":true,"href":"https:\/\/www.slovenka.si\/index.php\/wp-json\/wp\/v2\/users\/1"}],"replies":[{"embeddable":true,"href":"https:\/\/www.slovenka.si\/index.php\/wp-json\/wp\/v2\/comments?post=105"}],"version-history":[{"count":0,"href":"https:\/\/www.slovenka.si\/index.php\/wp-json\/wp\/v2\/posts\/105\/revisions"}],"wp:attachment":[{"href":"https:\/\/www.slovenka.si\/index.php\/wp-json\/wp\/v2\/media?parent=105"}],"wp:term":[{"taxonomy":"category","embeddable":true,"href":"https:\/\/www.slovenka.si\/index.php\/wp-json\/wp\/v2\/categories?post=105"},{"taxonomy":"post_tag","embeddable":true,"href":"https:\/\/www.slovenka.si\/index.php\/wp-json\/wp\/v2\/tags?post=105"}],"curies":[{"name":"wp","href":"https:\/\/api.w.org\/{rel}","templated":true}]}}